{"id":20851,"date":"2020-05-08T11:15:51","date_gmt":"2020-05-08T11:15:51","guid":{"rendered":"https:\/\/almudenabulani.com\/?p=5058"},"modified":"2025-03-16T19:54:55","modified_gmt":"2025-03-16T18:54:55","slug":"the-winter-christmas-wedding-of-sara-and-juan-luis","status":"publish","type":"post","link":"https:\/\/almudenabulani.com\/en\/the-winter-christmas-wedding-of-sara-and-juan-luis\/","title":{"rendered":"The Christmas wedding of Sara and Juan Luis"},"content":{"rendered":"<p>Organise a <strong>Christmas wedding<\/strong> was one of those dreams we had to fulfil. We love the <strong>winter weddings<\/strong>In fact, we have already published some of them in the blog (you can see them here <a href=\"https:\/\/almudenabulani.com\/en\/a-winter-wedding-the-elegant-wedding-of-teresa-and-jaime\/\">here<\/a> y\u00a0<a href=\"https:\/\/almudenabulani.com\/en\/intimate-winter-wedding-rusmery-and-luis\/\">here<\/a>). But we had not organised as wedding planners any <strong>Christmas wedding<\/strong>. Until one day Sara and Juan Luis arrived at our office.<\/p>\n<p>Sara, up until now, had been in charge of organising all the details, with great judgement and a lot of taste. But she wanted to have the help of a wedding planner to coordinate the wedding day. In addition, there were still some details to organise, such as the decoration. So she hired our <a href=\"https:\/\/almudenabulani.com\/en\/design-and-coordination\/\"><strong>Design and Coordination Service<\/strong><\/a>. One of our most popular services because it helps you to free yourselves from all the stress involved in designing the decoration of a wedding and managing budgets and set-ups. In addition, on the day of the wedding, two of our wedding planners are in charge of coordinating all the details from start to finish.<\/p>\n<p>And so we got down to work with the <strong>Christmas wedding<\/strong> of Sara and Juan Luis. An incredible couple, who trusted us from the first moment and with whom we worked side by side until the end. The result, a wedding so beautiful, that it has even been published in several media (<a href=\"https:\/\/luciasecasa.com\/bodas\/boda-de-la-semana\/sara-y-juan-luis\/\" target=\"_blank\" rel=\"noopener\">Lucia gets married<\/a>weddings.net...). When you enjoy the photos of this publication, taken by our beloved <a href=\"http:\/\/www.alejandroonieva.com\" target=\"_blank\" rel=\"noopener\">Alejandro Onieva<\/a>you will understand why.<\/p>\n<h3>Preparations<\/h3>\n<p>The preparations of Sara and Juan Luis are really beautiful. Alejandro Onieva's photos clearly show it.<\/p>\n<p>Juan Luis dressed in the family home. The groom chose a suit of <a href=\"http:\/\/www.miguelolmedo.es\" target=\"_blank\" rel=\"noopener\">Miguel Olmedo<\/a> and complete Hugo Boss.<\/p>\n<p><img fetchpriority=\"high\" decoding=\"async\" class=\"alignnone wp-image-5059 size-full\" src=\"https:\/\/almudenabulani.com\/wp-content\/uploads\/2020\/04\/alejandro-onieva-boda-invierno-winter-wedding-almudena-bulani-0312-scaled.jpg\" alt=\"\" width=\"1707\" height=\"2560\" \/> \u00a0<\/p>\n<p>Sara got dressed in surrounded by her family, a familiar environment. For her bridal look, she chose a dress by <a href=\"http:\/\/www.rosaclara.es\" target=\"_blank\" rel=\"noopener\">Rosa Clar\u00e1<\/a>the Madona model from the Couture collection. She complemented it with a tulle overskirt from the same brand. At the entrance to the banquet, she took it off to surprise her guests. She accessorised her look with Tribute shoes by YSL in nude; earrings and headdress in old gold by <a href=\"http:\/\/www.silviapeinado.es\" target=\"_blank\" rel=\"noopener\">Silvia Peinado<\/a>; bouquet by Yolanda Forister\u00eda. In charge of the make-up and hairstyle was a hairdresser friend of the bride, Adel.<\/p>\n<p>The result is an impeccable look for a bride of a bride with a <strong>winter wedding<\/strong>a <strong>Christmas wedding<\/strong>.<\/p>\n<p><img decoding=\"async\" class=\"alignnone wp-image-5077 size-full\" src=\"https:\/\/almudenabulani.com\/wp-content\/uploads\/2020\/04\/alejandro-onieva-boda-invierno-winter-wedding-almudena-bulani-0759-scaled.jpg\" alt=\"\" width=\"2560\" height=\"1707\" \/><\/p>\n<p>&nbsp;<\/p>\n<p>The bridal gown was by Rosa Clara, and Sara personalised it with the wedding logo, which contained the initials of the bride and groom.<\/p>\n<p><img decoding=\"async\" class=\"alignnone wp-image-5079 size-full\" src=\"https:\/\/almudenabulani.com\/wp-content\/uploads\/2020\/04\/alejandro-onieva-boda-invierno-winter-wedding-almudena-bulani-0765-scaled.jpg\" alt=\"\" width=\"2560\" height=\"1707\" \/><\/p>\n<p><img loading=\"lazy\" decoding=\"async\" class=\"alignnone wp-image-5083 size-full\" src=\"https:\/\/almudenabulani.com\/wp-content\/uploads\/2020\/04\/alejandro-onieva-boda-invierno-winter-wedding-almudena-bulani-0905-scaled.jpg\" alt=\"\" width=\"2560\" height=\"1707\" \/><\/p>\n<p>The truth is that we love winter weddings, because they lend themselves to surprise with the bridal look. In this case, Sara did it, first with an overskirt dress, and then with a mermaid cut dress.<\/p>\n<p>\u00a0<img loading=\"lazy\" decoding=\"async\" class=\"alignnone wp-image-5085 size-full\" src=\"https:\/\/almudenabulani.com\/wp-content\/uploads\/2020\/04\/alejandro-onieva-boda-invierno-winter-wedding-almudena-bulani-0939-scaled.jpg\" alt=\"\" width=\"1707\" height=\"2560\" \/><\/p>\n<p>\u00a0<img loading=\"lazy\" decoding=\"async\" class=\"alignnone wp-image-5089 size-full\" src=\"https:\/\/almudenabulani.com\/wp-content\/uploads\/2020\/04\/alejandro-onieva-boda-invierno-winter-wedding-almudena-bulani-1027-scaled.jpg\" alt=\"\" width=\"1707\" height=\"2560\" \/><\/p>\n<p><img loading=\"lazy\" decoding=\"async\" class=\"alignnone wp-image-5087 size-full\" src=\"https:\/\/almudenabulani.com\/wp-content\/uploads\/2020\/04\/alejandro-onieva-boda-invierno-winter-wedding-almudena-bulani-0955.jpg\" alt=\"\" width=\"1600\" height=\"1066\" \/><\/p>\n<p>\u00a0<img loading=\"lazy\" decoding=\"async\" class=\"alignnone wp-image-5097 size-full\" src=\"https:\/\/almudenabulani.com\/wp-content\/uploads\/2020\/04\/alejandro-onieva-boda-invierno-winter-wedding-almudena-bulani-1088-scaled.jpg\" alt=\"\" width=\"1707\" height=\"2560\" \/><\/p>\n<p>The procession of page boys wore custom-made suits in red velvet. The girls, wearing capes and flower headdresses, were the perfect bridesmaids.<\/p>\n<h3>Ceremony<\/h3>\n<p>The religious ceremony was in the morning and was held in the Church of L\u00e1char. We decorated the door with two large vertical poles of greenery with Christmas flowers. The aisle of the church was decorated with red carpet and centrepieces along the aisle. Florister\u00eda Yolanda was in charge of all the decoration of the church.<\/p>\n<p>The result is an elegant and romantic decoration for an <strong>winter wedding<\/strong>for a <strong>Christmas wedding<\/strong>.<\/p>\n<p><img loading=\"lazy\" decoding=\"async\" class=\"alignnone wp-image-5101 size-full\" src=\"https:\/\/almudenabulani.com\/wp-content\/uploads\/2020\/04\/alejandro-onieva-boda-invierno-winter-wedding-almudena-bulani-1125-scaled.jpg\" alt=\"\" width=\"467\" height=\"700\" \/> <\/p>\n<p><img loading=\"lazy\" decoding=\"async\" class=\"alignnone wp-image-5117 size-full\" src=\"https:\/\/almudenabulani.com\/wp-content\/uploads\/2020\/04\/alejandro-onieva-boda-invierno-winter-wedding-almudena-bulani-1321-scaled.jpg\" alt=\"\" width=\"2560\" height=\"1707\" \/><\/p>\n<p><img loading=\"lazy\" decoding=\"async\" class=\"alignnone wp-image-5121 size-full\" src=\"https:\/\/almudenabulani.com\/wp-content\/uploads\/2020\/04\/alejandro-onieva-boda-invierno-winter-wedding-almudena-bulani-1327-scaled.jpg\" alt=\"\" width=\"467\" height=\"700\" \/>\u00a0<\/p>\n<p>Although the day threatened rain, it was fine for both the bride and groom's entrance. Sara arrived in a beautiful classic car, an Austin Princess, accompanied by her sister who was her \"best man\".<\/p>\n<p>The ceremony of this <strong>Christmas wedding<\/strong> was very emotional. From the entrance of Sara, through the ceremony, the exchange of rings and arras. In addition, the whole ceremony was accompanied by a soprano and piano duo, which undoubtedly contributed to create a more romantic atmosphere if possible.<\/p>\n<p>\u00a0<img loading=\"lazy\" decoding=\"async\" class=\"alignnone wp-image-5127 size-full\" src=\"https:\/\/almudenabulani.com\/wp-content\/uploads\/2020\/04\/alejandro-onieva-boda-invierno-winter-wedding-almudena-bulani-1500-scaled.jpg\" alt=\"\" width=\"1707\" height=\"2560\" \/><\/p>\n<p><img loading=\"lazy\" decoding=\"async\" class=\"alignnone wp-image-5129 size-full\" src=\"https:\/\/almudenabulani.com\/wp-content\/uploads\/2020\/04\/alejandro-onieva-boda-invierno-winter-wedding-almudena-bulani-1508-scaled.jpg\" alt=\"\" width=\"2560\" height=\"1707\" \/><\/p>\n<p><img loading=\"lazy\" decoding=\"async\" class=\"alignnone wp-image-5131 size-full\" src=\"https:\/\/almudenabulani.com\/wp-content\/uploads\/2020\/04\/alejandro-onieva-boda-invierno-winter-wedding-almudena-bulani-1595-scaled.jpg\" alt=\"\" width=\"700\" height=\"467\" \/><\/p>\n<p><img loading=\"lazy\" decoding=\"async\" class=\"alignnone wp-image-5198 size-full\" src=\"https:\/\/almudenabulani.com\/wp-content\/uploads\/2020\/04\/alejandro-onieva-boda-invierno-winter-wedding-almudena-bulani-1604-1-1024x683-1.jpg\" alt=\"\" width=\"2560\" height=\"1707\" \/><\/p>\n<p>But undoubtedly one of the most beautiful moments of this <strong>Christmas wedding<\/strong> was when Sara dedicated some precious words to Juan Luis. Impossible to forget that moment together with the spectacular exit of the church.<\/p>\n<p><img loading=\"lazy\" decoding=\"async\" class=\"alignnone wp-image-5204 size-full\" src=\"https:\/\/almudenabulani.com\/wp-content\/uploads\/2020\/04\/alejandro-onieva-boda-invierno-winter-wedding-almudena-bulani-1733-1-683x1024-1.jpg\" alt=\"\" width=\"1707\" height=\"2560\" \/><\/p>\n<h3>Celebration<\/h3>\n<p>After the ceremony, the bride and groom drove off in their classic car to the celebration venue. The <strong>Christmas wedding<\/strong> of Sara and Juan Luis was held in <a href=\"http:\/\/www.lamamunia.com\" target=\"_blank\" rel=\"noopener\">La Mamunia<\/a>. An Arabian style space, with elegant lounges that fitted in superbly with the aesthetic of <strong>winter wedding.<\/strong><\/p>\n<p><img loading=\"lazy\" decoding=\"async\" class=\"alignnone wp-image-5217 size-full\" src=\"https:\/\/almudenabulani.com\/wp-content\/uploads\/2020\/04\/alejandro-onieva-boda-invierno-winter-wedding-almudena-bulani-1983-1-1024x683-1.jpg\" alt=\"\" width=\"2560\" height=\"1707\" \/>\u00a0<img loading=\"lazy\" decoding=\"async\" class=\"alignnone wp-image-5230 size-full\" src=\"https:\/\/almudenabulani.com\/wp-content\/uploads\/2020\/04\/alejandro-onieva-boda-otoo-almudena-bulani-15.02.01.png\" alt=\"\" width=\"466\" height=\"700\" \/><\/p>\n<p><img loading=\"lazy\" decoding=\"async\" class=\"alignnone wp-image-5232 size-full\" src=\"https:\/\/almudenabulani.com\/wp-content\/uploads\/2020\/04\/alejandro-onieva-boda-invierno-winter-wedding-almudena-bulani-2098-scaled.jpg\" alt=\"\" width=\"800\" height=\"533\" \/><\/p>\n<p>The decoration of the hall was really impressive. <a href=\"http:\/\/www.atrezofloristas.com\" target=\"_blank\" rel=\"noopener\">Atrezzo Florists<\/a> was in charge of decorating both the hall and various corners of the cocktail party. They executed to perfection the design we had proposed with green centrepieces with red, marsala and white flowers. A spectacular job that undoubtedly fitted in perfectly with this <strong>Christmas wedding.\u00a0<\/strong><\/p>\n<p><img loading=\"lazy\" decoding=\"async\" class=\"alignnone wp-image-5234 size-full\" src=\"https:\/\/almudenabulani.com\/wp-content\/uploads\/2020\/04\/alejandro-onieva-boda-invierno-winter-wedding-almudena-bulani-2131-scaled.jpg\" alt=\"\" width=\"800\" height=\"533\" \/><\/p>\n<p>The Presiding Officers of this <strong>winter wedding<\/strong>had a beautiful back. It was a giant plant ring that followed the same decorative design as the rest of the wedding. And this back became an improvised photocall for the bride and groom, which we then moved to the party.<\/p>\n<p><img loading=\"lazy\" decoding=\"async\" class=\"alignnone wp-image-5258 size-full\" src=\"https:\/\/almudenabulani.com\/wp-content\/uploads\/2020\/04\/alejandro-onieva-boda-invierno-winter-wedding-almudena-bulani-2220-scaled.jpg\" alt=\"\" width=\"800\" height=\"533\" \/><\/p>\n<p><img loading=\"lazy\" decoding=\"async\" class=\"alignnone wp-image-5236 size-full\" src=\"https:\/\/almudenabulani.com\/wp-content\/uploads\/2020\/04\/alejandro-onieva-boda-invierno-winter-wedding-almudena-bulani-2141-scaled.jpg\" alt=\"\" width=\"467\" height=\"700\" \/><br \/>\n<img loading=\"lazy\" decoding=\"async\" class=\"alignnone wp-image-5240 size-full\" src=\"https:\/\/almudenabulani.com\/wp-content\/uploads\/2020\/04\/alejandro-onieva-boda-invierno-winter-wedding-almudena-bulani-2144-scaled.jpg\" alt=\"\" width=\"1707\" height=\"2560\" \/> <img loading=\"lazy\" decoding=\"async\" class=\"alignnone wp-image-5242 size-full\" src=\"https:\/\/almudenabulani.com\/wp-content\/uploads\/2020\/04\/alejandro-onieva-boda-invierno-winter-wedding-almudena-bulani-2145-scaled.jpg\" alt=\"\" width=\"1707\" height=\"2560\" \/><\/p>\n<p><img loading=\"lazy\" decoding=\"async\" class=\"alignnone wp-image-5250 size-full\" src=\"https:\/\/almudenabulani.com\/wp-content\/uploads\/2020\/04\/alejandro-onieva-boda-invierno-winter-wedding-almudena-bulani-2216-scaled.jpg\" alt=\"\" width=\"800\" height=\"533\" \/><\/p>\n<p><img loading=\"lazy\" decoding=\"async\" class=\"alignnone wp-image-5244 size-full\" src=\"https:\/\/almudenabulani.com\/wp-content\/uploads\/2020\/04\/alejandro-onieva-boda-invierno-winter-wedding-almudena-bulani-2212-scaled.jpg\" alt=\"\" width=\"800\" height=\"533\" \/><\/p>\n<p><img loading=\"lazy\" decoding=\"async\" class=\"alignnone wp-image-5248 size-full\" src=\"https:\/\/almudenabulani.com\/wp-content\/uploads\/2020\/04\/alejandro-onieva-boda-invierno-winter-wedding-almudena-bulani-2215-scaled.jpg\" alt=\"\" width=\"533\" height=\"800\" \/>\u00a0<img loading=\"lazy\" decoding=\"async\" class=\"alignnone wp-image-5262 size-full\" src=\"https:\/\/almudenabulani.com\/wp-content\/uploads\/2020\/04\/alejandro-onieva-boda-invierno-winter-wedding-almudena-bulani-2222-scaled.jpg\" alt=\"\" width=\"533\" height=\"800\" \/><\/p>\n<p><img loading=\"lazy\" decoding=\"async\" class=\"alignnone wp-image-5276 size-full\" src=\"https:\/\/almudenabulani.com\/wp-content\/uploads\/2020\/04\/alejandro-onieva-boda-invierno-winter-wedding-almudena-bulani-2232-scaled.jpg\" alt=\"\" width=\"800\" height=\"533\" \/><\/p>\n<p><img loading=\"lazy\" decoding=\"async\" class=\"alignnone wp-image-5283 size-full\" src=\"https:\/\/almudenabulani.com\/wp-content\/uploads\/2020\/04\/alejandro-onieva-boda-invierno-winter-wedding-almudena-bulani-2234-1.jpg\" alt=\"\" width=\"533\" height=\"800\" \/><\/p>\n<h3>Party<\/h3>\n<p>After lunch, all the guests moved to the party area. Here, we set up a cigar bar and a sweets table.<\/p>\n<p><img loading=\"lazy\" decoding=\"async\" class=\"alignnone wp-image-5301 size-full\" src=\"https:\/\/almudenabulani.com\/wp-content\/uploads\/2020\/04\/alejandro-onieva-boda-invierno-winter-wedding-almudena-bulani-2929-scaled.jpg\" alt=\"\" width=\"2560\" height=\"1707\" \/><\/p>\n<p>Sara changed her hairstyle and her look to surprise the guests again. To the rhythm of \"Que lo nuestro se quede nuestro\" by Carlos Rivera they opened the dance, which was followed by the party animated by the saxophonist Fabian Rivero. The finishing touch to a <strong>winter wedding<\/strong>a <strong>Christmas wedding<\/strong>very special.<\/p>\n<p><img loading=\"lazy\" decoding=\"async\" class=\"alignnone wp-image-5556\" src=\"https:\/\/almudenabulani.com\/wp-content\/uploads\/2020\/05\/alejandro-onieva-boda-invierno-winter-wedding-almudena-bulani-3119-300x200.jpg\" alt=\"\" width=\"800\" height=\"533\" \/><\/p>\n<p><img loading=\"lazy\" decoding=\"async\" class=\"alignnone wp-image-5558\" src=\"https:\/\/almudenabulani.com\/wp-content\/uploads\/2020\/05\/alejandro-onieva-boda-invierno-winter-wedding-almudena-bulani-3121-300x200.jpg\" alt=\"\" width=\"800\" height=\"533\" \/><\/p>","protected":false},"excerpt":{"rendered":"<p>Organizar una boda de Navidad era uno de esos sue\u00f1os que ten\u00edamos por cumplir. Nos encantan las bodas de invierno, de hecho hemos publicado algunas ya en el blog (puedes verlas aqu\u00ed y\u00a0aqu\u00ed). Pero no hab\u00edamos organizado como wedding planners ninguna boda de Navidad.\u00a0Hasta que llegaron un d\u00eda Sara y Juan Luis a nuestra oficina. [&hellip;]<\/p>\n","protected":false},"author":1,"featured_media":20904,"comment_status":"open","ping_status":"open","sticky":false,"template":"","format":"standard","meta":{"iawp_total_views":142,"footnotes":""},"categories":[42],"tags":[112,59,43,44,45,46,47,48,49],"class_list":["post-20851","post","type-post","status-publish","format-standard","has-post-thumbnail","hentry","category-bodas-bulani","tag-boda-de-navidad","tag-boda-invierno","tag-organizacion-de-bodas","tag-organizar-boda","tag-wedding-designer","tag-wedding-planner","tag-wedding-planner-andalucia","tag-wedding-planner-espana","tag-wedding-planner-granada"],"_links":{"self":[{"href":"https:\/\/almudenabulani.com\/en\/wp-json\/wp\/v2\/posts\/20851","targetHints":{"allow":["GET"]}}],"collection":[{"href":"https:\/\/almudenabulani.com\/en\/wp-json\/wp\/v2\/posts"}],"about":[{"href":"https:\/\/almudenabulani.com\/en\/wp-json\/wp\/v2\/types\/post"}],"author":[{"embeddable":true,"href":"https:\/\/almudenabulani.com\/en\/wp-json\/wp\/v2\/users\/1"}],"replies":[{"embeddable":true,"href":"https:\/\/almudenabulani.com\/en\/wp-json\/wp\/v2\/comments?post=20851"}],"version-history":[{"count":3,"href":"https:\/\/almudenabulani.com\/en\/wp-json\/wp\/v2\/posts\/20851\/revisions"}],"predecessor-version":[{"id":20907,"href":"https:\/\/almudenabulani.com\/en\/wp-json\/wp\/v2\/posts\/20851\/revisions\/20907"}],"wp:featuredmedia":[{"embeddable":true,"href":"https:\/\/almudenabulani.com\/en\/wp-json\/wp\/v2\/media\/20904"}],"wp:attachment":[{"href":"https:\/\/almudenabulani.com\/en\/wp-json\/wp\/v2\/media?parent=20851"}],"wp:term":[{"taxonomy":"category","embeddable":true,"href":"https:\/\/almudenabulani.com\/en\/wp-json\/wp\/v2\/categories?post=20851"},{"taxonomy":"post_tag","embeddable":true,"href":"https:\/\/almudenabulani.com\/en\/wp-json\/wp\/v2\/tags?post=20851"}],"curies":[{"name":"wp","href":"https:\/\/api.w.org\/{rel}","templated":true}]}}